{"id":16915,"date":"2024-04-17T09:59:28","date_gmt":"2024-04-17T07:59:28","guid":{"rendered":"https:\/\/www.mayerlinghotel.com\/descubre-la-puerta-del-sol-2\/"},"modified":"2024-04-17T10:15:19","modified_gmt":"2024-04-17T08:15:19","slug":"descubre-la-puerta-del-sol-2","status":"publish","type":"post","link":"https:\/\/www.mayerlinghotel.com\/fr\/descubre-la-puerta-del-sol-2\/","title":{"rendered":"Conna\u00eetre la Plaza Mayor"},"content":{"rendered":"\n<p><strong>La Plaza Mayor est situ\u00e9e au c\u0153ur de Madrid<\/strong>, \u00e0 quelques m\u00e8tres de la Puerta del Sol et du Palais royal. Elle a \u00e9t\u00e9 con\u00e7ue par Juan de Herrera et Juan G\u00f3mez de Mora dans un style baroque et constitue l&#8217;un des sites incontournables de Madrid.<\/p>\n\n\n\n<p>La Plaza Mayor de Madrid mesure 129 m\u00e8tres de long sur 94 m\u00e8tres de large et est entour\u00e9e d&#8217;arcades et de b\u00e2timents en brique de trois \u00e9tages. Tout au long de l&#8217;<a href=\"https:\/\/www.disfrutamadrid.com\/historia\">histoire de Madrid<\/a>, la <strong>Plaza Mayor a \u00e9t\u00e9 le lieu de r\u00e9unions, d&#8217;annonces et de c\u00e9l\u00e9brations civiles<\/strong>. Elle est \u00e9galement charg\u00e9e de plaques comm\u00e9moratives, de sites historiques et d&#8217;autres symboles de grande valeur.<\/p>\n\n\n\n<p>Plusieurs architectes ont particip\u00e9 \u00e0 la construction de la place, dont <strong>Juan de Herrera et Juan G\u00f3mez de Mora<\/strong>, qui ont \u00e9t\u00e9 les v\u00e9ritables moteurs du projet. Avec le temps et les diff\u00e9rents incendies qu&#8217;elle a subis, la Plaza Mayor a \u00e9t\u00e9 reconstruite et r\u00e9am\u00e9nag\u00e9e \u00e0 plusieurs reprises au cours de l&#8217;histoire. Pour <strong>acc\u00e9der \u00e0 la Plaza Mayor<\/strong>, vous pouvez emprunter les diff\u00e9rentes portes d&#8217;acc\u00e8s qui entourent la place, chacune ayant un charme particulier.<\/p>\n\n\n\n<p>Au XVe si\u00e8cle, la Plaza Mayor s&#8217;appelait <strong>Plaza del Arrabal<\/strong>, qui a \u00e9t\u00e9 remplac\u00e9e par <strong>d&#8217;autres noms<\/strong> tels que Plaza de la Constituci\u00f3n, Plaza Real et Plaza de la Rep\u00fablica. Le nom actuel a \u00e9t\u00e9 conserv\u00e9 depuis la fin de la guerre civile.<\/p>\n\n\n\n<h2 class=\"wp-block-heading\">Points d&#8217;int\u00e9r\u00eat de la place<\/h2>\n\n\n\n<p>La Plaza Mayor de Madrid compte trois lieux d&#8217;int\u00e9r\u00eat particulier :<\/p>\n\n\n\n<ul class=\"wp-block-list\">\n<li><strong>Statue de Philippe III<\/strong>: cr\u00e9\u00e9e en 1616 par <strong>Juan de Bolonia et Pietro Tacca<\/strong>, elle fut offerte au roi d&#8217;Espagne par le duc de Florence. Elle se trouvait \u00e0 la Casa de Campo jusqu&#8217;au milieu du XIXe si\u00e8cle.<\/li>\n\n\n\n<li><strong>Casa de la Panader\u00eda (Maison de la Boulangerie)<\/strong>: c&#8217;est le b\u00e2timent le plus important et le <strong>premier \u00e0 avoir \u00e9t\u00e9 construit<\/strong> en 1590. \u00c0 l&#8217;origine, c&#8217;\u00e9tait la boulangerie la plus importante de Madrid. La fa\u00e7ade est d\u00e9cor\u00e9e par Carlos Franco.<\/li>\n\n\n\n<li><strong>Arco de Cuchilleros<\/strong>: cet arc est le plus connu des <strong>neuf portes d&#8217;acc\u00e8s<\/strong> \u00e0 la Plaza Mayor. Son nom vient de la rue \u00e0 laquelle il est reli\u00e9, la Calle Cuchilleros.<\/li>\n<\/ul>\n\n\n\n<h2 class=\"wp-block-heading\">La Plaza Mayor \u00e0 No\u00ebl<\/h2>\n\n\n\n<p>Depuis pr\u00e8s de <strong>150 ans<\/strong>, la Plaza Mayor de Madrid est remplie de <strong>stands de<\/strong> No\u00ebl proposant des articles de <strong>No\u00ebl<\/strong>, des blagues et des costumes de toutes sortes. Bien qu&#8217;il soit possible de voir des<a href=\"https:\/\/www.disfrutamadrid.com\/compras\"> boutiques<\/a> sur la Plaza Mayor tout au long de l&#8217;ann\u00e9e, \u00e0 cette p\u00e9riode sp\u00e9ciale, elles sont encore plus soigneusement d\u00e9cor\u00e9es et rev\u00eatent une beaut\u00e9 diff\u00e9rente.<\/p>\n","protected":false},"excerpt":{"rendered":"<p>La Plaza Mayor est situ\u00e9e au c\u0153ur de Madrid, \u00e0 quelques m\u00e8tres de la Puerta del Sol et du Palais royal. Elle a \u00e9t\u00e9 con\u00e7ue par Juan de Herrera et&#8230;<\/p>\n","protected":false},"author":3,"featured_media":16605,"comment_status":"closed","ping_status":"open","sticky":false,"template":"","format":"standard","meta":{"footnotes":""},"categories":[125],"tags":[],"class_list":{"0":"post-16915","1":"post","2":"type-post","3":"status-publish","4":"format-standard","5":"has-post-thumbnail","7":"category-blog-hotel-mayerling-madrid-fr"},"_links":{"self":[{"href":"https:\/\/www.mayerlinghotel.com\/fr\/wp-json\/wp\/v2\/posts\/16915"}],"collection":[{"href":"https:\/\/www.mayerlinghotel.com\/fr\/wp-json\/wp\/v2\/posts"}],"about":[{"href":"https:\/\/www.mayerlinghotel.com\/fr\/wp-json\/wp\/v2\/types\/post"}],"author":[{"embeddable":true,"href":"https:\/\/www.mayerlinghotel.com\/fr\/wp-json\/wp\/v2\/users\/3"}],"replies":[{"embeddable":true,"href":"https:\/\/www.mayerlinghotel.com\/fr\/wp-json\/wp\/v2\/comments?post=16915"}],"version-history":[{"count":1,"href":"https:\/\/www.mayerlinghotel.com\/fr\/wp-json\/wp\/v2\/posts\/16915\/revisions"}],"predecessor-version":[{"id":16917,"href":"https:\/\/www.mayerlinghotel.com\/fr\/wp-json\/wp\/v2\/posts\/16915\/revisions\/16917"}],"wp:featuredmedia":[{"embeddable":true,"href":"https:\/\/www.mayerlinghotel.com\/fr\/wp-json\/wp\/v2\/media\/16605"}],"wp:attachment":[{"href":"https:\/\/www.mayerlinghotel.com\/fr\/wp-json\/wp\/v2\/media?parent=16915"}],"wp:term":[{"taxonomy":"category","embeddable":true,"href":"https:\/\/www.mayerlinghotel.com\/fr\/wp-json\/wp\/v2\/categories?post=16915"},{"taxonomy":"post_tag","embeddable":true,"href":"https:\/\/www.mayerlinghotel.com\/fr\/wp-json\/wp\/v2\/tags?post=16915"}],"curies":[{"name":"wp","href":"https:\/\/api.w.org\/{rel}","templated":true}]}}